{"id":739,"count":1,"description":"<p>Le <strong>choix de l\u2019h\u00e9bergement<\/strong> est une \u00e9tape cl\u00e9 pour r\u00e9ussir son s\u00e9jour dans les Vosges. Chalet ou h\u00f4tel ? Nature ou proximit\u00e9 du centre-ville ? Avec ou sans spa ? Nous vous aidons \u00e0 <a href=\"https:\/\/les-atypiques-chalets.com\/de\/tag\/conseils-location\/\"  data-wpil-monitor-id=\"2289\">trouver l\u2019option qui correspond le<\/a> mieux \u00e0 vos attentes, avec nos conseils et comparatifs selon votre style de vacances.<\/p>\r\n\r\n<p>Entdecken Sie unsere <a href=\"https:\/\/les-atypiques-chalets.com\/de\/tag\/chalet-spa-vosges\/\">chalets avec spa privatif<\/a>, les <a href=\"https:\/\/les-atypiques-chalets.com\/de\/tag\/avis-location-saisonniere\/\">avis de nos clients<\/a>, ou encore nos <a href=\"https:\/\/les-atypiques-chalets.com\/de\/tag\/sejour-en-famille-vosges\/\">recommandations pour les familles<\/a>.<\/p>","link":"https:\/\/les-atypiques-chalets.com\/de\/tag\/choix-hebergement\/","name":"choix h\u00e9bergement","slug":"choix-hebergement","taxonomy":"post_tag","meta":[],"_links":{"self":[{"href":"https:\/\/les-atypiques-chalets.com\/de\/wp-json\/wp\/v2\/tags\/739","targetHints":{"allow":["GET"]}}],"collection":[{"href":"https:\/\/les-atypiques-chalets.com\/de\/wp-json\/wp\/v2\/tags"}],"about":[{"href":"https:\/\/les-atypiques-chalets.com\/de\/wp-json\/wp\/v2\/taxonomies\/post_tag"}],"wp:post_type":[{"href":"https:\/\/les-atypiques-chalets.com\/de\/wp-json\/wp\/v2\/posts?tags=739"}],"curies":[{"name":"wp","href":"https:\/\/api.w.org\/{rel}","templated":true}]}}