{"id":742,"count":1,"description":"<p>Chez Les Atypiques Chalets, chaque h\u00e9bergement dispose d\u2019une <strong>cuisine \u00e9quip\u00e9e<\/strong> pour que vous puissiez profiter de bons repas en toute libert\u00e9. Pr\u00e9parer une raclette en famille, cuisiner des produits locaux ou simplement prendre le petit-d\u00e9jeuner en pyjama\u2026 la cuisine en vacances rime avec autonomie et plaisir.<\/p>\r\n\r\n<p>Entdecken Sie unsere <a href=\"https:\/\/les-atypiques-chalets.com\/de\/tag\/gastronomie-der-vogesen\/\">suggestions de sp\u00e9cialit\u00e9s vosgiennes<\/a>, nos <a href=\"https:\/\/les-atypiques-chalets.com\/de\/meilleurs-restaurants-gerardmer-tour-culinaire\/\">restaurants \u00e0 tester \u00e0 G\u00e9rardmer<\/a> oder wir <a href=\"https:\/\/les-atypiques-chalets.com\/de\/tag\/marche-gerardmer\/\">bons plans march\u00e9s locaux<\/a> pour faire le plein de produits frais.<\/p>","link":"https:\/\/les-atypiques-chalets.com\/de\/tag\/cuisine-en-vacances\/","name":"cuisine en vacances","slug":"cuisine-en-vacances","taxonomy":"post_tag","meta":[],"_links":{"self":[{"href":"https:\/\/les-atypiques-chalets.com\/de\/wp-json\/wp\/v2\/tags\/742","targetHints":{"allow":["GET"]}}],"collection":[{"href":"https:\/\/les-atypiques-chalets.com\/de\/wp-json\/wp\/v2\/tags"}],"about":[{"href":"https:\/\/les-atypiques-chalets.com\/de\/wp-json\/wp\/v2\/taxonomies\/post_tag"}],"wp:post_type":[{"href":"https:\/\/les-atypiques-chalets.com\/de\/wp-json\/wp\/v2\/posts?tags=742"}],"curies":[{"name":"wp","href":"https:\/\/api.w.org\/{rel}","templated":true}]}}