{"id":745,"count":1,"description":"<p>L\u2019<strong>exp\u00e9rience de location<\/strong> est au c\u0153ur de notre engagement : accueil chaleureux, confort optimal, chalets tout \u00e9quip\u00e9s, nature environnante et services pens\u00e9s pour un s\u00e9jour inoubliable. D\u00e9couvrez \u00e0 travers les t\u00e9moignages de nos h\u00f4tes ce qui fait la diff\u00e9rence d\u2019un s\u00e9jour aux Atypiques Chalets.<\/p>\r\n\r\n<p>Explorez nos <a href=\"https:\/\/les-atypiques-chalets.com\/de\/tag\/avis-location-saisonniere\/\">avis clients<\/a>, nos <a href=\"https:\/\/les-atypiques-chalets.com\/de\/tag\/choix-hebergement\/\">conseils pour bien choisir votre h\u00e9bergement<\/a>, ou nos <a href=\"https:\/\/les-atypiques-chalets.com\/de\/tag\/sejour-en-famille-vosges\/\">s\u00e9jours en famille dans les Vosges<\/a>.<\/p>","link":"https:\/\/les-atypiques-chalets.com\/de\/tag\/experience-de-location\/","name":"exp\u00e9rience de location","slug":"experience-de-location","taxonomy":"post_tag","meta":[],"_links":{"self":[{"href":"https:\/\/les-atypiques-chalets.com\/de\/wp-json\/wp\/v2\/tags\/745","targetHints":{"allow":["GET"]}}],"collection":[{"href":"https:\/\/les-atypiques-chalets.com\/de\/wp-json\/wp\/v2\/tags"}],"about":[{"href":"https:\/\/les-atypiques-chalets.com\/de\/wp-json\/wp\/v2\/taxonomies\/post_tag"}],"wp:post_type":[{"href":"https:\/\/les-atypiques-chalets.com\/de\/wp-json\/wp\/v2\/posts?tags=745"}],"curies":[{"name":"wp","href":"https:\/\/api.w.org\/{rel}","templated":true}]}}