{"id":747,"count":3,"description":"<p>Optez pour une <strong>location saisonni\u00e8re dans les Vosges<\/strong> et vivez un s\u00e9jour unique dans un chalet au c\u0153ur de la nature. Aux Atypiques Chalets, tout est pens\u00e9 pour votre confort : bain nordique privatif, sauna, cuisine \u00e9quip\u00e9e, calme et accueil chaleureux. Id\u00e9al pour les familles, les couples ou les s\u00e9jours entre amis, \u00e9t\u00e9 comme hiver.<\/p>\r\n\r\n<p>D\u00e9couvrez aussi nos <a href=\"https:\/\/les-atypiques-chalets.com\/de\/tag\/conseils-location\/\">conseils pratiques<\/a>, nos <a href=\"https:\/\/les-atypiques-chalets.com\/de\/tag\/contrat-de-location\/\">informations sur les contrats de location<\/a> et les <a href=\"https:\/\/les-atypiques-chalets.com\/de\/tag\/avis-location-saisonniere\/\">t\u00e9moignages de nos clients<\/a>.<\/p>","link":"https:\/\/les-atypiques-chalets.com\/de\/tag\/location-saisonniere\/","name":"location saisonni\u00e8re","slug":"location-saisonniere","taxonomy":"post_tag","meta":[],"_links":{"self":[{"href":"https:\/\/les-atypiques-chalets.com\/de\/wp-json\/wp\/v2\/tags\/747","targetHints":{"allow":["GET"]}}],"collection":[{"href":"https:\/\/les-atypiques-chalets.com\/de\/wp-json\/wp\/v2\/tags"}],"about":[{"href":"https:\/\/les-atypiques-chalets.com\/de\/wp-json\/wp\/v2\/taxonomies\/post_tag"}],"wp:post_type":[{"href":"https:\/\/les-atypiques-chalets.com\/de\/wp-json\/wp\/v2\/posts?tags=747"}],"curies":[{"name":"wp","href":"https:\/\/api.w.org\/{rel}","templated":true}]}}